{"id":2809,"date":"2024-05-01T14:33:00","date_gmt":"2024-05-01T12:33:00","guid":{"rendered":"https:\/\/oxfam.dk\/en\/?post_type=pressemeddelelser&#038;p=2809"},"modified":"2025-07-15T14:40:49","modified_gmt":"2025-07-15T12:40:49","slug":"udbytte-til-aktionaerer-er-steget-14-gange-mere-end-loenmodtagernes-loen","status":"publish","type":"pressemeddelelser","link":"https:\/\/oxfam.dk\/en\/pressreleases\/udbytte-til-aktionaerer-er-steget-14-gange-mere-end-loenmodtagernes-loen\/","title":{"rendered":"Udbytte til aktion\u00e6rer er steget 14 gange mere end l\u00f8nmodtagernes l\u00f8n"},"content":{"rendered":"\n<div class=\"wp-block-group is-vertical is-content-justification-stretch is-layout-flex wp-container-core-group-is-layout-92f16597 wp-block-group-is-layout-flex\"><h1 class=\"wp-block-post-title\">Udbytte til aktion\u00e6rer er steget 14 gange mere end l\u00f8nmodtagernes l\u00f8n<\/h1>\n\n\n<div class=\"wp-block-group has-normal-font-size is-vertical is-layout-flex wp-container-core-group-is-layout-4b827052 wp-block-group-is-layout-flex\"><div style=\"font-style:normal;font-weight:700;\" class=\"has-link-color wp-elements-fa7dab4be3bbf058023c896d023e2439 wp-block-post-date has-text-color has-dark-green-color has-normal-font-size\"><time datetime=\"2024-05-01T14:33:00+02:00\">01.05.2024<\/time><\/div><\/div>\n<\/div>\n\n\n\n\n\n<p>Det har v\u00e6ret langt mere givtigt at v\u00e6re aktion\u00e6r end at v\u00e6re l\u00f8nmodtager, hvis man ser p\u00e5 de seneste \u00e5rs udvikling. Mens mange l\u00f8nmodtagere har set deres l\u00f8n blive udhulet af inflationskrisen, ser det noget anderledes ud for verdens aktion\u00e6rer. Mellem 2020 og 2023 steg de globale udbyttebetalinger til aktion\u00e6rer hele 14 gange mere end l\u00f8nmodtagernes l\u00f8n m\u00e5lt i samme periode i faste priser (fraregnet inflation).<\/p>\n\n\n\n<p>Oxfams nye beregninger, som kommer i anledning af Arbejdernes Internationale Kampdag, viser, at aktion\u00e6rer har f\u00e5et store gevinster fra deres investeringer i selskaber, mens almindelige l\u00f8nmodtagere har f\u00e5et langt mindre mellem h\u00e6nderne ved at g\u00e5 p\u00e5 arbejde. Analysen er lavet p\u00e5 baggrund af tal fra 31 lande, der d\u00e6kker 81 pct. af verdens BNP.<\/p>\n\n\n\n<blockquote class=\"wp-block-quote is-layout-flow wp-block-quote-is-layout-flow\">\n<p>Tallene viser, at de superrige ikke bliver rigere ved at g\u00e5 p\u00e5 arbejde og bidrage til samfundet. De bliver rigere p\u00e5 blot at v\u00e6re rige, samtidig med at almindelige l\u00f8nmodtagere k\u00e6mper for at kunne betale regningerne. Det er uholdbart og f\u00e5r uligheden til at stige endnu mere, end den allerede g\u00f8r i\u00a0forvejen.<\/p>\n<cite>Lars Koch<br>Generalsekret\u00e6r, Oxfam Danmark<\/cite><\/blockquote>\n\n\n\n<p>Virksomhedernes udbytte er p\u00e5 vej til at sl\u00e5 sidste \u00e5rs rekordh\u00f8je niveau p\u00e5 11.400 mia. kroner if\u00f8lge Janus Henderson Global Dividend Index, som d\u00e6kker de 1.200 st\u00f8rste virksomheder i verden. Data for b\u00e5de udbyttebetaling og l\u00f8n for 2020-2023 er tilg\u00e6ngelig for 31 lande, og Oxfams beregninger viser:<\/p>\n\n\n\n<p>Efter justering for inflation steg de globale udbytteudbetalinger med 45 procent (1.300 mia. kroner) i 31 lande mellem 2020 og 2023, mens l\u00f8nningerne kun steg med 3 procent.<\/p>\n\n\n\n<p>Fratr\u00e6kker man Kina, som st\u00e5r for st\u00f8rstedelen af denne l\u00f8nv\u00e6kst, faldt de globale reall\u00f8nninger med 3 procent.<\/p>\n\n\n\n<p>I Danmark viser beregninger foretaget fra Nationalbankens udbyttestatistik, at udbytteudbetalingerne i samme periode steg med 205 procent, mens reall\u00f8nnen faldt med -4 procent.<\/p>\n\n\n\n<p>Tendensen med stigende udbyttebetalinger har en bekymrende effekt p\u00e5 uligheden, hvor vi i forvejen har set, at de rigeste er blevet markant rigere de seneste \u00e5r.\u00a0Siden 2020 er verdens dollar-milliard\u00e6rer blevet 34 pct. rigere, mens fem milliarder mennesker ikke har f\u00e5et nogen som helst andel i den stigende velstand.<\/p>\n\n\n\n<p>Oxfam ansl\u00e5r, at den rigeste 1 procent, som ejer 43 procent af alle globale finansielle aktiver, i gennemsnit fik 62.000 kroner i udbytte i 2023. Det svarer til otte m\u00e5neders l\u00f8n for den gennemsnitlige l\u00f8nmodtager.<\/p>\n\n\n\n<blockquote class=\"wp-block-quote is-layout-flow wp-block-quote-is-layout-flow\">\n<p>Vi ser virksomheders overskud og udbetalinger til de rigeste aktion\u00e6rer stige voldsomt, mens l\u00f8nningerne for almindelige mennesker slet ikke kan f\u00f8lge med. P\u00e5 trods af at mange l\u00f8nmodtagere arbejder h\u00e5rdt for at f\u00e5 enderne til at m\u00f8des, har mange har ikke r\u00e5d til helt basale varer som mad og medicin. Vi er n\u00f8dt til at fordele verdens ressourcer mere\u00a0lige.<\/p>\n<cite>Lars Koch<br>Generalsekret\u00e6r, Oxfam Danmark<\/cite><\/blockquote>\n\n\n\n<p>Data fra ILO (International Labour Organization) viser, at p\u00e5 globalt plan tjener n\u00e6sten 1 ud af 5 l\u00f8nmodtagere mindre end fattigdomsgr\u00e6nsen p\u00e5 3,65 USD om dagen. Og 66 procent af l\u00f8nmodtagerne i lavindkomstlande har en s\u00e5kaldt fattigdomsl\u00f8n \u2013 det vil sige en l\u00f8n, som er lavere end de 3,65 USD. Dette er en stigning p\u00e5 1 procent sammenlignet med 2020.<\/p>\n\n\n\n<h2 class=\"wp-block-heading\">Noter<\/h2>\n\n\n\n<ul class=\"wp-block-list is-style-has-large-bullet\">\n<li><a href=\"https:\/\/oxfam.dk\/en\/wp-content\/uploads\/sites\/2\/2025\/07\/2024_3004-methodology-note-for-international-workers-day.pdf\" data-type=\"attachment\" data-id=\"2810\" target=\"_blank\" rel=\"noreferrer noopener\">Download Oxfam\u2019s metodenotat.<\/a><\/li>\n\n\n\n<li><a href=\"https:\/\/oxfam.dk\/en\/wp-content\/uploads\/sites\/2\/2025\/07\/janus-henderseon_global-dividend_index_marts2023.pdf.pdf\" data-type=\"attachment\" data-id=\"2811\" target=\"_blank\" rel=\"noreferrer noopener\">Janus Henderson Global Dividend Index<\/a>\u00a0analyserer verdens 1.200 st\u00f8rste virksomheder m\u00e5lt p\u00e5 markedsv\u00e6rdi. Disse virksomheder st\u00e5r for 90 procent af den globale udbyttebetaling. De n\u00e6ste 1.800 virksomheder st\u00e5r kun for 10 procent, hvorfor deres effekt p\u00e5 resultaterne kun er af mindre betydning. Janus Henderson forudser, at den globale udbyttebetaling vil ramme en ny rekord p\u00e5 1,72 billioner USD i 2024.<\/li>\n\n\n\n<li><a href=\"https:\/\/www.ilo.org\/resource\/news\/global-unemployment-rate-set-increase-2024-while-growing-social\" target=\"_blank\" rel=\"noreferrer noopener\">ILO<\/a>\u00a0har for nylig advaret om, at indkomstuligheden er blevet st\u00f8rre.<\/li>\n\n\n\n<li>Ser man p\u00e5 de nyeste data for Danmark fra Nationalbankens Udbyttestatistik kan man se, at udbyttebetalingerne er steget voldsomt fra 2020-2023 (205 pct). Tager man 2019 med, er udbyttebetalingerne steget med 124 pct.<\/li>\n<\/ul>\n\n\n\n<ul class=\"wp-block-list\">\n<li><\/li>\n<\/ul>\n\n\n\n<div class=\"wp-block-columns is-style-mobile-reverse has-beige-background-color has-background is-layout-flex wp-container-core-columns-is-layout-a5331a9e wp-block-columns-is-layout-flex\" id=\"julie\" style=\"padding-top:0;padding-right:0;padding-bottom:0;padding-left:0\">\n<div class=\"wp-block-column is-vertically-aligned-bottom is-layout-flow wp-block-column-is-layout-flow\" style=\"flex-basis:50%\">\n<header class=\"wp-block-group is-layout-flow wp-container-core-group-is-layout-a77db08e wp-block-group-is-layout-flow\">\n<div class=\"wp-block-group info is-vertical is-content-justification-stretch is-layout-flex wp-container-core-group-is-layout-954dca2e wp-block-group-is-layout-flex\" style=\"padding-top:var(--wp--preset--spacing--50);padding-right:var(--wp--preset--spacing--50);padding-bottom:var(--wp--preset--spacing--50);padding-left:var(--wp--preset--spacing--50)\">\n<h3 class=\"wp-block-heading has-larger-font-size\" style=\"margin-bottom:0;padding-bottom:0\">Lars Koch<\/h3>\n\n\n\n<div class=\"wp-block-group has-small-font-size is-vertical is-layout-flex wp-container-core-group-is-layout-37511699 wp-block-group-is-layout-flex\" style=\"margin-top:0;margin-bottom:0;padding-top:0;padding-bottom:0\">\n<p style=\"margin-top:0;margin-bottom:0;padding-top:0;padding-bottom:0\"><strong>Generalsekret\u00e6r<\/strong><\/p>\n\n\n\n<p>Generalsekretariatet<\/p>\n<\/div>\n<\/div>\n<\/header>\n\n\n\n<footer class=\"wp-block-group is-vertical is-content-justification-stretch is-layout-flex wp-container-core-group-is-layout-9980a2bc wp-block-group-is-layout-flex\">\n<div class=\"wp-block-group email has-small-font-size is-content-justification-space-between is-nowrap is-layout-flex wp-container-core-group-is-layout-9b5576af wp-block-group-is-layout-flex\" style=\"border-top-color:var(--wp--preset--color--border-grey);border-top-width:1px;padding-top:var(--wp--preset--spacing--30);padding-right:var(--wp--preset--spacing--50);padding-bottom:var(--wp--preset--spacing--30);padding-left:var(--wp--preset--spacing--50)\">\n<p>E-mail:<\/p>\n\n\n\n<p><a href=\"mailto:lko@oxfam.dk\" data-type=\"mailto\" data-id=\"mailto:lko@oxfam.dk\">lko@oxfam.dk<\/a><\/p>\n<\/div>\n<\/footer>\n<\/div>\n\n\n\n<div class=\"wp-block-column is-layout-flow wp-block-column-is-layout-flow\" style=\"flex-basis:50%\">\n<figure class=\"wp-block-image size-full has-custom-border\" style=\"margin-top:0;margin-bottom:0\"><img loading=\"lazy\" decoding=\"async\" width=\"560\" height=\"560\" src=\"https:\/\/oxfam.dk\/en\/wp-content\/uploads\/sites\/2\/2025\/05\/YXNzZXRzL21lZGFyYmVqZGVyZS9nZW5lcmFsX3Nla3JldGFlci9sYXJzLWtvY2gtZ2VuZXJhbHNla3JldGFlcl9veGZhbWliaXMuanBn.webp\" alt=\"\" class=\"wp-image-892\" style=\"border-top-color:var(--wp--preset--color--dark-green);border-top-width:10px;border-right-color:var(--wp--preset--color--dark-green);border-right-width:10px;aspect-ratio:1;object-fit:cover\" srcset=\"https:\/\/oxfam.dk\/en\/wp-content\/uploads\/sites\/2\/2025\/05\/YXNzZXRzL21lZGFyYmVqZGVyZS9nZW5lcmFsX3Nla3JldGFlci9sYXJzLWtvY2gtZ2VuZXJhbHNla3JldGFlcl9veGZhbWliaXMuanBn.webp 560w, https:\/\/oxfam.dk\/en\/wp-content\/uploads\/sites\/2\/2025\/05\/YXNzZXRzL21lZGFyYmVqZGVyZS9nZW5lcmFsX3Nla3JldGFlci9sYXJzLWtvY2gtZ2VuZXJhbHNla3JldGFlcl9veGZhbWliaXMuanBn-488x488.webp 488w, https:\/\/oxfam.dk\/en\/wp-content\/uploads\/sites\/2\/2025\/05\/YXNzZXRzL21lZGFyYmVqZGVyZS9nZW5lcmFsX3Nla3JldGFlci9sYXJzLWtvY2gtZ2VuZXJhbHNla3JldGFlcl9veGZhbWliaXMuanBn-100x100.webp 100w, https:\/\/oxfam.dk\/en\/wp-content\/uploads\/sites\/2\/2025\/05\/YXNzZXRzL21lZGFyYmVqZGVyZS9nZW5lcmFsX3Nla3JldGFlci9sYXJzLWtvY2gtZ2VuZXJhbHNla3JldGFlcl9veGZhbWliaXMuanBn-400x400.webp 400w\" sizes=\"auto, (max-width: 560px) 100vw, 560px\" \/><\/figure>\n<\/div>\n<\/div>\n","protected":false},"excerpt":{"rendered":"<p>L\u00e6s vores nyeste pressemeddelelse om udbytte til aktion\u00e6rer er steget 14 gange mere end l\u00f8nmodtageres l\u00f8n.<\/p>\n","protected":false},"featured_media":853,"template":"","meta":{"_acf_changed":false,"_relevanssi_hide_post":"","_relevanssi_hide_content":"","_relevanssi_pin_for_all":"","_relevanssi_pin_keywords":"","_relevanssi_unpin_keywords":"","_relevanssi_related_keywords":"","_relevanssi_related_include_ids":"","_relevanssi_related_exclude_ids":"","_relevanssi_related_no_append":"","_relevanssi_related_not_related":"","_relevanssi_related_posts":"1165,1697,1573,1303,1273,2495","_relevanssi_noindex_reason":"","editor_notices":[]},"categories":[],"tags":[208,138,137],"class_list":["post-2809","pressemeddelelser","type-pressemeddelelser","status-publish","has-post-thumbnail","hentry","tag-economic-justice","tag-inequity","tag-tax"],"acf":[],"yoast_head":"<!-- This site is optimized with the Yoast SEO Premium plugin v27.3 (Yoast SEO v27.3) - https:\/\/yoast.com\/product\/yoast-seo-premium-wordpress\/ -->\n<title>Udbytte til aktion\u00e6rer er steget 14 gange mere end l\u00f8nmodtagernes l\u00f8n | Oxfam Denmark<\/title>\n<meta name=\"robots\" content=\"index, follow, max-snippet:-1, max-image-preview:large, max-video-preview:-1\" \/>\n<link rel=\"canonical\" href=\"https:\/\/oxfam.dk\/en\/pressreleases\/udbytte-til-aktionaerer-er-steget-14-gange-mere-end-loenmodtagernes-loen\/\" \/>\n<meta property=\"og:locale\" content=\"en_GB\" \/>\n<meta property=\"og:type\" content=\"article\" \/>\n<meta property=\"og:title\" content=\"Udbytte til aktion\u00e6rer er steget 14 gange mere end l\u00f8nmodtagernes l\u00f8n\" \/>\n<meta property=\"og:description\" content=\"L\u00e6s vores nyeste pressemeddelelse om udbytte til aktion\u00e6rer er steget 14 gange mere end l\u00f8nmodtageres l\u00f8n.\" \/>\n<meta property=\"og:url\" content=\"https:\/\/oxfam.dk\/en\/pressreleases\/udbytte-til-aktionaerer-er-steget-14-gange-mere-end-loenmodtagernes-loen\/\" \/>\n<meta property=\"og:site_name\" content=\"Oxfam Denmark\" \/>\n<meta property=\"article:modified_time\" content=\"2025-07-15T12:40:49+00:00\" \/>\n<meta property=\"og:image\" content=\"https:\/\/oxfam.dk\/en\/wp-content\/uploads\/sites\/2\/2025\/05\/YXNzZXRzL294ZmFtLWRhbm1hcmstZGVmYXVsdC1iaWxsZWRlLmpwZw.webp\" \/>\n\t<meta property=\"og:image:width\" content=\"610\" \/>\n\t<meta property=\"og:image:height\" content=\"407\" \/>\n\t<meta property=\"og:image:type\" content=\"image\/webp\" \/>\n<meta name=\"twitter:card\" content=\"summary_large_image\" \/>\n<meta name=\"twitter:label1\" content=\"Estimated reading time\" \/>\n\t<meta name=\"twitter:data1\" content=\"3 minutes\" \/>\n\t<meta name=\"twitter:label2\" content=\"Written by\" \/>\n\t<meta name=\"twitter:data2\" content=\"Astrid\" \/>\n<script type=\"application\/ld+json\" class=\"yoast-schema-graph\">{\"@context\":\"https:\\\/\\\/schema.org\",\"@graph\":[{\"@type\":\"WebPage\",\"@id\":\"https:\\\/\\\/oxfam.dk\\\/en\\\/pressreleases\\\/udbytte-til-aktionaerer-er-steget-14-gange-mere-end-loenmodtagernes-loen\\\/\",\"url\":\"https:\\\/\\\/oxfam.dk\\\/en\\\/pressreleases\\\/udbytte-til-aktionaerer-er-steget-14-gange-mere-end-loenmodtagernes-loen\\\/\",\"name\":\"Udbytte til aktion\u00e6rer er steget 14 gange mere end l\u00f8nmodtagernes l\u00f8n | Oxfam Denmark\",\"isPartOf\":{\"@id\":\"https:\\\/\\\/oxfam.dk\\\/en\\\/#website\"},\"primaryImageOfPage\":{\"@id\":\"https:\\\/\\\/oxfam.dk\\\/en\\\/pressreleases\\\/udbytte-til-aktionaerer-er-steget-14-gange-mere-end-loenmodtagernes-loen\\\/#primaryimage\"},\"image\":{\"@id\":\"https:\\\/\\\/oxfam.dk\\\/en\\\/pressreleases\\\/udbytte-til-aktionaerer-er-steget-14-gange-mere-end-loenmodtagernes-loen\\\/#primaryimage\"},\"thumbnailUrl\":\"https:\\\/\\\/oxfam.dk\\\/en\\\/wp-content\\\/uploads\\\/sites\\\/2\\\/2025\\\/05\\\/YXNzZXRzL294ZmFtLWRhbm1hcmstZGVmYXVsdC1iaWxsZWRlLmpwZw.webp\",\"datePublished\":\"2024-05-01T12:33:00+00:00\",\"dateModified\":\"2025-07-15T12:40:49+00:00\",\"breadcrumb\":{\"@id\":\"https:\\\/\\\/oxfam.dk\\\/en\\\/pressreleases\\\/udbytte-til-aktionaerer-er-steget-14-gange-mere-end-loenmodtagernes-loen\\\/#breadcrumb\"},\"inLanguage\":\"en-GB\",\"potentialAction\":[{\"@type\":\"ReadAction\",\"target\":[\"https:\\\/\\\/oxfam.dk\\\/en\\\/pressreleases\\\/udbytte-til-aktionaerer-er-steget-14-gange-mere-end-loenmodtagernes-loen\\\/\"]}]},{\"@type\":\"ImageObject\",\"inLanguage\":\"en-GB\",\"@id\":\"https:\\\/\\\/oxfam.dk\\\/en\\\/pressreleases\\\/udbytte-til-aktionaerer-er-steget-14-gange-mere-end-loenmodtagernes-loen\\\/#primaryimage\",\"url\":\"https:\\\/\\\/oxfam.dk\\\/en\\\/wp-content\\\/uploads\\\/sites\\\/2\\\/2025\\\/05\\\/YXNzZXRzL294ZmFtLWRhbm1hcmstZGVmYXVsdC1iaWxsZWRlLmpwZw.webp\",\"contentUrl\":\"https:\\\/\\\/oxfam.dk\\\/en\\\/wp-content\\\/uploads\\\/sites\\\/2\\\/2025\\\/05\\\/YXNzZXRzL294ZmFtLWRhbm1hcmstZGVmYXVsdC1iaWxsZWRlLmpwZw.webp\",\"width\":610,\"height\":407},{\"@type\":\"BreadcrumbList\",\"@id\":\"https:\\\/\\\/oxfam.dk\\\/en\\\/pressreleases\\\/udbytte-til-aktionaerer-er-steget-14-gange-mere-end-loenmodtagernes-loen\\\/#breadcrumb\",\"itemListElement\":[{\"@type\":\"ListItem\",\"position\":1,\"name\":\"Hjem\",\"item\":\"https:\\\/\\\/oxfam.dk\\\/en\\\/\"},{\"@type\":\"ListItem\",\"position\":2,\"name\":\"Pressemeddelelser\",\"item\":\"https:\\\/\\\/oxfam.dk\\\/en\\\/pressreleases\\\/\"},{\"@type\":\"ListItem\",\"position\":3,\"name\":\"Udbytte til aktion\u00e6rer er steget 14 gange mere end l\u00f8nmodtagernes l\u00f8n\"}]},{\"@type\":\"WebSite\",\"@id\":\"https:\\\/\\\/oxfam.dk\\\/en\\\/#website\",\"url\":\"https:\\\/\\\/oxfam.dk\\\/en\\\/\",\"name\":\"Oxfam Denmark\",\"description\":\"We fight inequality and injustice\",\"publisher\":{\"@id\":\"https:\\\/\\\/oxfam.dk\\\/en\\\/#organization\"},\"potentialAction\":[{\"@type\":\"SearchAction\",\"target\":{\"@type\":\"EntryPoint\",\"urlTemplate\":\"https:\\\/\\\/oxfam.dk\\\/en\\\/?s={search_term_string}\"},\"query-input\":{\"@type\":\"PropertyValueSpecification\",\"valueRequired\":true,\"valueName\":\"search_term_string\"}}],\"inLanguage\":\"en-GB\"},{\"@type\":\"Organization\",\"@id\":\"https:\\\/\\\/oxfam.dk\\\/en\\\/#organization\",\"name\":\"Oxfam Denmark\",\"url\":\"https:\\\/\\\/oxfam.dk\\\/en\\\/\",\"logo\":{\"@type\":\"ImageObject\",\"inLanguage\":\"en-GB\",\"@id\":\"https:\\\/\\\/oxfam.dk\\\/en\\\/#\\\/schema\\\/logo\\\/image\\\/\",\"url\":\"https:\\\/\\\/oxfam.dk\\\/en\\\/wp-content\\\/uploads\\\/sites\\\/2\\\/2025\\\/08\\\/logo-en.svg\",\"contentUrl\":\"https:\\\/\\\/oxfam.dk\\\/en\\\/wp-content\\\/uploads\\\/sites\\\/2\\\/2025\\\/08\\\/logo-en.svg\",\"width\":141,\"height\":60,\"caption\":\"Oxfam Denmark\"},\"image\":{\"@id\":\"https:\\\/\\\/oxfam.dk\\\/en\\\/#\\\/schema\\\/logo\\\/image\\\/\"}}]}<\/script>\n<!-- \/ Yoast SEO Premium plugin. -->","yoast_head_json":{"title":"Udbytte til aktion\u00e6rer er steget 14 gange mere end l\u00f8nmodtagernes l\u00f8n | Oxfam Denmark","robots":{"index":"index","follow":"follow","max-snippet":"max-snippet:-1","max-image-preview":"max-image-preview:large","max-video-preview":"max-video-preview:-1"},"canonical":"https:\/\/oxfam.dk\/en\/pressreleases\/udbytte-til-aktionaerer-er-steget-14-gange-mere-end-loenmodtagernes-loen\/","og_locale":"en_GB","og_type":"article","og_title":"Udbytte til aktion\u00e6rer er steget 14 gange mere end l\u00f8nmodtagernes l\u00f8n","og_description":"L\u00e6s vores nyeste pressemeddelelse om udbytte til aktion\u00e6rer er steget 14 gange mere end l\u00f8nmodtageres l\u00f8n.","og_url":"https:\/\/oxfam.dk\/en\/pressreleases\/udbytte-til-aktionaerer-er-steget-14-gange-mere-end-loenmodtagernes-loen\/","og_site_name":"Oxfam Denmark","article_modified_time":"2025-07-15T12:40:49+00:00","og_image":[{"width":610,"height":407,"url":"https:\/\/oxfam.dk\/en\/wp-content\/uploads\/sites\/2\/2025\/05\/YXNzZXRzL294ZmFtLWRhbm1hcmstZGVmYXVsdC1iaWxsZWRlLmpwZw.webp","type":"image\/webp"}],"twitter_card":"summary_large_image","twitter_misc":{"Estimated reading time":"3 minutes","Written by":"Astrid"},"schema":{"@context":"https:\/\/schema.org","@graph":[{"@type":"WebPage","@id":"https:\/\/oxfam.dk\/en\/pressreleases\/udbytte-til-aktionaerer-er-steget-14-gange-mere-end-loenmodtagernes-loen\/","url":"https:\/\/oxfam.dk\/en\/pressreleases\/udbytte-til-aktionaerer-er-steget-14-gange-mere-end-loenmodtagernes-loen\/","name":"Udbytte til aktion\u00e6rer er steget 14 gange mere end l\u00f8nmodtagernes l\u00f8n | Oxfam Denmark","isPartOf":{"@id":"https:\/\/oxfam.dk\/en\/#website"},"primaryImageOfPage":{"@id":"https:\/\/oxfam.dk\/en\/pressreleases\/udbytte-til-aktionaerer-er-steget-14-gange-mere-end-loenmodtagernes-loen\/#primaryimage"},"image":{"@id":"https:\/\/oxfam.dk\/en\/pressreleases\/udbytte-til-aktionaerer-er-steget-14-gange-mere-end-loenmodtagernes-loen\/#primaryimage"},"thumbnailUrl":"https:\/\/oxfam.dk\/en\/wp-content\/uploads\/sites\/2\/2025\/05\/YXNzZXRzL294ZmFtLWRhbm1hcmstZGVmYXVsdC1iaWxsZWRlLmpwZw.webp","datePublished":"2024-05-01T12:33:00+00:00","dateModified":"2025-07-15T12:40:49+00:00","breadcrumb":{"@id":"https:\/\/oxfam.dk\/en\/pressreleases\/udbytte-til-aktionaerer-er-steget-14-gange-mere-end-loenmodtagernes-loen\/#breadcrumb"},"inLanguage":"en-GB","potentialAction":[{"@type":"ReadAction","target":["https:\/\/oxfam.dk\/en\/pressreleases\/udbytte-til-aktionaerer-er-steget-14-gange-mere-end-loenmodtagernes-loen\/"]}]},{"@type":"ImageObject","inLanguage":"en-GB","@id":"https:\/\/oxfam.dk\/en\/pressreleases\/udbytte-til-aktionaerer-er-steget-14-gange-mere-end-loenmodtagernes-loen\/#primaryimage","url":"https:\/\/oxfam.dk\/en\/wp-content\/uploads\/sites\/2\/2025\/05\/YXNzZXRzL294ZmFtLWRhbm1hcmstZGVmYXVsdC1iaWxsZWRlLmpwZw.webp","contentUrl":"https:\/\/oxfam.dk\/en\/wp-content\/uploads\/sites\/2\/2025\/05\/YXNzZXRzL294ZmFtLWRhbm1hcmstZGVmYXVsdC1iaWxsZWRlLmpwZw.webp","width":610,"height":407},{"@type":"BreadcrumbList","@id":"https:\/\/oxfam.dk\/en\/pressreleases\/udbytte-til-aktionaerer-er-steget-14-gange-mere-end-loenmodtagernes-loen\/#breadcrumb","itemListElement":[{"@type":"ListItem","position":1,"name":"Hjem","item":"https:\/\/oxfam.dk\/en\/"},{"@type":"ListItem","position":2,"name":"Pressemeddelelser","item":"https:\/\/oxfam.dk\/en\/pressreleases\/"},{"@type":"ListItem","position":3,"name":"Udbytte til aktion\u00e6rer er steget 14 gange mere end l\u00f8nmodtagernes l\u00f8n"}]},{"@type":"WebSite","@id":"https:\/\/oxfam.dk\/en\/#website","url":"https:\/\/oxfam.dk\/en\/","name":"Oxfam Denmark","description":"We fight inequality and injustice","publisher":{"@id":"https:\/\/oxfam.dk\/en\/#organization"},"potentialAction":[{"@type":"SearchAction","target":{"@type":"EntryPoint","urlTemplate":"https:\/\/oxfam.dk\/en\/?s={search_term_string}"},"query-input":{"@type":"PropertyValueSpecification","valueRequired":true,"valueName":"search_term_string"}}],"inLanguage":"en-GB"},{"@type":"Organization","@id":"https:\/\/oxfam.dk\/en\/#organization","name":"Oxfam Denmark","url":"https:\/\/oxfam.dk\/en\/","logo":{"@type":"ImageObject","inLanguage":"en-GB","@id":"https:\/\/oxfam.dk\/en\/#\/schema\/logo\/image\/","url":"https:\/\/oxfam.dk\/en\/wp-content\/uploads\/sites\/2\/2025\/08\/logo-en.svg","contentUrl":"https:\/\/oxfam.dk\/en\/wp-content\/uploads\/sites\/2\/2025\/08\/logo-en.svg","width":141,"height":60,"caption":"Oxfam Denmark"},"image":{"@id":"https:\/\/oxfam.dk\/en\/#\/schema\/logo\/image\/"}}]}},"_links":{"self":[{"href":"https:\/\/oxfam.dk\/en\/wp-json\/wp\/v2\/pressemeddelelser\/2809","targetHints":{"allow":["GET"]}}],"collection":[{"href":"https:\/\/oxfam.dk\/en\/wp-json\/wp\/v2\/pressemeddelelser"}],"about":[{"href":"https:\/\/oxfam.dk\/en\/wp-json\/wp\/v2\/types\/pressemeddelelser"}],"wp:featuredmedia":[{"embeddable":true,"href":"https:\/\/oxfam.dk\/en\/wp-json\/wp\/v2\/media\/853"}],"wp:attachment":[{"href":"https:\/\/oxfam.dk\/en\/wp-json\/wp\/v2\/media?parent=2809"}],"wp:term":[{"taxonomy":"category","embeddable":true,"href":"https:\/\/oxfam.dk\/en\/wp-json\/wp\/v2\/categories?post=2809"},{"taxonomy":"post_tag","embeddable":true,"href":"https:\/\/oxfam.dk\/en\/wp-json\/wp\/v2\/tags?post=2809"}],"curies":[{"name":"wp","href":"https:\/\/api.w.org\/{rel}","templated":true}]}}