{"id":2868,"date":"2021-06-05T12:01:00","date_gmt":"2021-06-05T10:01:00","guid":{"rendered":"https:\/\/oxfam.dk\/en\/?post_type=pressemeddelelser&#038;p=2868"},"modified":"2025-07-16T12:13:58","modified_gmt":"2025-07-16T10:13:58","slug":"oxfam-ibis-global-bund-paa-selskabsskat-er-alt-lav","status":"publish","type":"pressemeddelelser","link":"https:\/\/oxfam.dk\/en\/pressreleases\/oxfam-ibis-global-bund-paa-selskabsskat-er-alt-lav\/","title":{"rendered":"Global bund p\u00e5 selskabsskat er alt for lav"},"content":{"rendered":"\n<div class=\"wp-block-group is-vertical is-content-justification-stretch is-layout-flex wp-container-core-group-is-layout-92f16597 wp-block-group-is-layout-flex\"><h1 class=\"wp-block-post-title\">Global bund p\u00e5 selskabsskat er alt for lav<\/h1>\n\n\n<div class=\"wp-block-group has-normal-font-size is-vertical is-layout-flex wp-container-core-group-is-layout-4b827052 wp-block-group-is-layout-flex\"><div style=\"font-style:normal;font-weight:700;\" class=\"has-link-color wp-elements-fa7dab4be3bbf058023c896d023e2439 wp-block-post-date has-text-color has-dark-green-color has-normal-font-size\"><time datetime=\"2021-06-05T12:01:00+02:00\">05.06.2021<\/time><\/div><\/div>\n<\/div>\n\n\n\n\n\n<p>G7-landene har i dag annonceret, at de vil st\u00f8tte en global bund under selskabsskatten p\u00e5 15 procent. Oxfam&nbsp;Danmark mener at niveauet burde v\u00e6re meget h\u00f8jere.<\/p>\n\n\n\n<p>En global skattereform \u2013 som skal besluttes endeligt til juli af G20 \u2013 har ellers potentiale til at kunne revolutionere m\u00e5den multinationale selskaber beskattes p\u00e5 og g\u00f8re op med nogle af verdens v\u00e6rste skattely. Men dagens udmelding fra G7 er for uambiti\u00f8s.<\/p>\n\n\n\n<p>Vi har i Oxfam&nbsp;Danmark fuldt forhandlingerne t\u00e6t, og generalsekret\u00e6r Kristian Weise udtaler:<\/p>\n\n\n\n<p>\u201dDet er p\u00e5 h\u00f8je tid, at de st\u00f8rste \u00f8konomier i verden tvinger tech-giganter og andre multinationale selskaber til at betale en fair skat. Men at s\u00e6tte mindstesatsen p\u00e5 15% er alt for lavt. Det vil ikke bremse selskabsskattens skadelige r\u00e6s mod bunden eller stoppe den udbredte brug af skattely. <\/p>\n\n\n\n<p>Det er absurd, at G7-landene p\u00e5st\u00e5r, at man reformerer det globale skattesystem ved at s\u00e6tte en minimumssats, som er p\u00e5 lige s\u00e5 lavt et niveau som rater i skattely som Irland, Schweiz og Singapore.\u201d<\/p>\n\n\n\n<p>\u201dI en verden ramt af en \u00f8del\u00e6ggende pandemi har G7-landene valgt at give fripas til de store selskaber. G7 fejler her. I stedet for at bane vejen for, at lande verden over kan genopfylde de h\u00e5rdt pr\u00f8vede statskasser og dermed sikre borgerne bedre adgang til uddannelse og sundhed og fremtidsmuligheder, har G7 landene valgt at s\u00e5 sammen med skattelylandene fremfor at st\u00e5 p\u00e5 borgernes side.\u201d<\/p>\n\n\n\n<p>\u201dCovid-19 har skabt en eksplosion i ulighed og fattigdom, som vil v\u00e6re umulig at stoppe, hvis selskaber fortsat n\u00e6rmest ingen skat betaler. At stoppe det skadelige r\u00e6s mod bunden p\u00e5 selskabsskatten og stoppe den udbredte brug af skattely kr\u00e6ver en ambiti\u00f8s minimumssats. USA\u2019s pr\u00e6sident Bidens forslag om 21% var allerede lavt, men det blev yderligere undermineret af de europ\u00e6iske lande, som kr\u00e6vede en endnu lavere rate.\u201d<\/p>\n\n\n\n<blockquote class=\"wp-block-quote is-layout-flow wp-block-quote-is-layout-flow\">\n<p>Dette er ikke en fair aftale. Den aftale, som kun syv lande nu har indg\u00e5et forud for en global aftale, som forventes indg\u00e5et til sommer, vil i overv\u00e6ldende grad komme de rige lande til gode og \u00f8ge uligheden. Milliarder tabt til skattely vil flyde til de rige lande, i stedet for at komme udviklingslandene til gode, som rent faktisk st\u00e5r og har brug\u00a0dem.<\/p>\n<cite>Kristian Weise<br>Generalsekret\u00e6r, Oxfam Danmark<\/cite><\/blockquote>\n\n\n\n<h2 class=\"wp-block-heading\">Baggrund<\/h2>\n\n\n\n<p>Ledende \u00f8konomer og civilsamfundsorganisationer, inklusiv den uafh\u00e6ngige kommission for reform af international selskabsskat (ICRIT)&nbsp;opfordrer til en global bund under selskabsskatten p\u00e5 25 procent.<\/p>\n\n\n\n<p>If\u00f8lge nye beregninger vil en global bund under selskabsskatten p\u00e5 21% kunne give Danmark 17,1 mia. kr. ekstra \u00e5rligt i selskabsskat, mens en bund p\u00e5 15% vil give mere end tre gange mindre, nemlig omkring 5.2 mia. kr. \u00e5rligt.<\/p>\n\n\n\n<h3 class=\"wp-block-heading\">L\u00e6s underst\u00f8ttende rapporter her:<\/h3>\n\n\n\n<div class=\"wp-block-buttons is-layout-flex wp-block-buttons-is-layout-flex\">\n<div class=\"wp-block-button\"><a class=\"wp-block-button__link wp-element-button\" href=\"https:\/\/oxfam.dk\/en\/wp-content\/uploads\/sites\/2\/2025\/07\/icrict-global-pandemic-and-international-taxation.pdf\" target=\"_blank\" rel=\"noreferrer noopener\">The Global Pandemic, Sustainable Economic Recovery, and international Taxation<img decoding=\"async\" class=\"wp-image-826\" style=\"width: 16px;\" src=\"https:\/\/oxfam.dk\/en\/wp-content\/uploads\/sites\/2\/2025\/05\/download.svg\" alt=\"\"><\/a><\/div>\n<\/div>\n\n\n\n<div class=\"wp-block-buttons is-layout-flex wp-block-buttons-is-layout-flex\">\n<div class=\"wp-block-button\"><a class=\"wp-block-button__link wp-element-button\" href=\"https:\/\/oxfam.dk\/en\/wp-content\/uploads\/sites\/2\/2025\/07\/euto2021-1.pdf\" target=\"_blank\" rel=\"noreferrer noopener\">Collecting The Tax Deficit of Multinational Companies<img decoding=\"async\" class=\"wp-image-826\" style=\"width: 16px;\" src=\"https:\/\/oxfam.dk\/en\/wp-content\/uploads\/sites\/2\/2025\/05\/download.svg\" alt=\"\"><\/a><\/div>\n<\/div>\n\n\n\n<div class=\"wp-block-buttons is-layout-flex wp-block-buttons-is-layout-flex\">\n<div class=\"wp-block-button\"><a class=\"wp-block-button__link wp-element-button\" href=\"https:\/\/oxfam.dk\/en\/wp-content\/uploads\/sites\/2\/2025\/07\/wp_profit-shifting-of-2021_14_garcia-bernardo_jansky.pdf\" target=\"_blank\" rel=\"noreferrer noopener\">Profit Shifting of Multinational Corporations Worldwide<img decoding=\"async\" class=\"wp-image-826\" style=\"width: 16px;\" src=\"https:\/\/oxfam.dk\/en\/wp-content\/uploads\/sites\/2\/2025\/05\/download.svg\" alt=\"\"><\/a><\/div>\n<\/div>\n\n\n\n<ul class=\"wp-block-list is-style-has-large-bullet\">\n<li>Helt ny forskning viser, at verden mister $200-300 mia. \u00e5rligt i selskabsskat pga. multinationale selskabers aggressive skatteplanl\u00e6gning. S\u00e6rligt interessant er det, at studiet finder, at det er udviklingslandene der relativt set mister mest i selskabsskat. Tidligere har\u00a0<a href=\"https:\/\/missingprofits.world\/\" target=\"_blank\" rel=\"noreferrer noopener\">forskning<\/a>\u00a0vist, at Danmark mister mere end 6.5 mia. kr. \u00e5rligt til selskabers brug af skattely.<\/li>\n\n\n\n<li>I maj 2019 lancerede OECD\/G20 Inclusive Framework en ny runde af forhandlinger om Base Erosion and Profit Shifting (BEPS) for at adressere multinationale selskabers aggressive skatteplanl\u00e6gning i den digital tidsalder. N\u00e6sten 140 lande deltager i forhandlingerne. Reformpakken indeholder to s\u00f8jler. Den f\u00f8rste omhandler fordelingen af skatterettigheder mellem lande, og den anden om en global bund under selskabsskatten. G20 forventes at n\u00e5 politisk enighed om en aftale i juli 2021.<\/li>\n\n\n\n<li>Udviklingslande har generelt en h\u00f8jere selskabsskatterate, og rammes relativt set h\u00e5rdere af multinationale selskabers aggressiv skatteplanl\u00e6gning. Udviklingslande har pr\u00e6sentere flere reformforslag under forhandlingerne i OECD\u2019s Inclusive Forum. For f\u00e5 uger siden pr\u00e6senterede 38 Afrikanske lande gennem African Tax Administration Forum (ATAF) et forslag til at adressere de globale uligheder i fordelingen af skatterettigheder. Sammenslutningen af udviklingslande i G24 har ogs\u00e5 pr\u00e6senteret detaljerede forslag under forhandlingerne, som kr\u00e6ver et mere fair globalt skattesystem.<\/li>\n<\/ul>\n","protected":false},"excerpt":{"rendered":"<p>G7-landene har i dag annonceret, at de vil st\u00f8tte en global bund under selskabsskatten p\u00e5 15%. Oxfam Danmark mener at niveauet burde v\u00e6re meget h\u00f8jere.<\/p>\n","protected":false},"featured_media":853,"template":"","meta":{"_acf_changed":false,"_relevanssi_hide_post":"","_relevanssi_hide_content":"","_relevanssi_pin_for_all":"","_relevanssi_pin_keywords":"","_relevanssi_unpin_keywords":"","_relevanssi_related_keywords":"","_relevanssi_related_include_ids":"","_relevanssi_related_exclude_ids":"","_relevanssi_related_no_append":"","_relevanssi_related_not_related":"","_relevanssi_related_posts":"2483,1561,2488,1247,1234,1702","_relevanssi_noindex_reason":"","editor_notices":[]},"categories":[],"tags":[208,137,139],"class_list":["post-2868","pressemeddelelser","type-pressemeddelelser","status-publish","has-post-thumbnail","hentry","tag-economic-justice","tag-tax","tag-tax-haven"],"acf":[],"yoast_head":"<!-- This site is optimized with the Yoast SEO Premium plugin v27.3 (Yoast SEO v27.3) - https:\/\/yoast.com\/product\/yoast-seo-premium-wordpress\/ -->\n<title>Global bund p\u00e5 selskabsskat er alt for lav | Oxfam Denmark<\/title>\n<meta name=\"robots\" content=\"index, follow, max-snippet:-1, max-image-preview:large, max-video-preview:-1\" \/>\n<link rel=\"canonical\" href=\"https:\/\/oxfam.dk\/en\/pressreleases\/oxfam-ibis-global-bund-paa-selskabsskat-er-alt-lav\/\" \/>\n<meta property=\"og:locale\" content=\"en_GB\" \/>\n<meta property=\"og:type\" content=\"article\" \/>\n<meta property=\"og:title\" content=\"Global bund p\u00e5 selskabsskat er alt for lav\" \/>\n<meta property=\"og:description\" content=\"G7-landene har i dag annonceret, at de vil st\u00f8tte en global bund under selskabsskatten p\u00e5 15%. Oxfam Danmark mener at niveauet burde v\u00e6re meget h\u00f8jere.\" \/>\n<meta property=\"og:url\" content=\"https:\/\/oxfam.dk\/en\/pressreleases\/oxfam-ibis-global-bund-paa-selskabsskat-er-alt-lav\/\" \/>\n<meta property=\"og:site_name\" content=\"Oxfam Denmark\" \/>\n<meta property=\"article:modified_time\" content=\"2025-07-16T10:13:58+00:00\" \/>\n<meta property=\"og:image\" content=\"https:\/\/oxfam.dk\/en\/wp-content\/uploads\/sites\/2\/2025\/05\/YXNzZXRzL294ZmFtLWRhbm1hcmstZGVmYXVsdC1iaWxsZWRlLmpwZw.webp\" \/>\n\t<meta property=\"og:image:width\" content=\"610\" \/>\n\t<meta property=\"og:image:height\" content=\"407\" \/>\n\t<meta property=\"og:image:type\" content=\"image\/webp\" \/>\n<meta name=\"twitter:card\" content=\"summary_large_image\" \/>\n<meta name=\"twitter:label1\" content=\"Estimated reading time\" \/>\n\t<meta name=\"twitter:data1\" content=\"3 minutes\" \/>\n\t<meta name=\"twitter:label2\" content=\"Written by\" \/>\n\t<meta name=\"twitter:data2\" content=\"Astrid\" \/>\n<script type=\"application\/ld+json\" class=\"yoast-schema-graph\">{\"@context\":\"https:\\\/\\\/schema.org\",\"@graph\":[{\"@type\":\"WebPage\",\"@id\":\"https:\\\/\\\/oxfam.dk\\\/en\\\/pressreleases\\\/oxfam-ibis-global-bund-paa-selskabsskat-er-alt-lav\\\/\",\"url\":\"https:\\\/\\\/oxfam.dk\\\/en\\\/pressreleases\\\/oxfam-ibis-global-bund-paa-selskabsskat-er-alt-lav\\\/\",\"name\":\"Global bund p\u00e5 selskabsskat er alt for lav | Oxfam Denmark\",\"isPartOf\":{\"@id\":\"https:\\\/\\\/oxfam.dk\\\/en\\\/#website\"},\"primaryImageOfPage\":{\"@id\":\"https:\\\/\\\/oxfam.dk\\\/en\\\/pressreleases\\\/oxfam-ibis-global-bund-paa-selskabsskat-er-alt-lav\\\/#primaryimage\"},\"image\":{\"@id\":\"https:\\\/\\\/oxfam.dk\\\/en\\\/pressreleases\\\/oxfam-ibis-global-bund-paa-selskabsskat-er-alt-lav\\\/#primaryimage\"},\"thumbnailUrl\":\"https:\\\/\\\/oxfam.dk\\\/en\\\/wp-content\\\/uploads\\\/sites\\\/2\\\/2025\\\/05\\\/YXNzZXRzL294ZmFtLWRhbm1hcmstZGVmYXVsdC1iaWxsZWRlLmpwZw.webp\",\"datePublished\":\"2021-06-05T10:01:00+00:00\",\"dateModified\":\"2025-07-16T10:13:58+00:00\",\"breadcrumb\":{\"@id\":\"https:\\\/\\\/oxfam.dk\\\/en\\\/pressreleases\\\/oxfam-ibis-global-bund-paa-selskabsskat-er-alt-lav\\\/#breadcrumb\"},\"inLanguage\":\"en-GB\",\"potentialAction\":[{\"@type\":\"ReadAction\",\"target\":[\"https:\\\/\\\/oxfam.dk\\\/en\\\/pressreleases\\\/oxfam-ibis-global-bund-paa-selskabsskat-er-alt-lav\\\/\"]}]},{\"@type\":\"ImageObject\",\"inLanguage\":\"en-GB\",\"@id\":\"https:\\\/\\\/oxfam.dk\\\/en\\\/pressreleases\\\/oxfam-ibis-global-bund-paa-selskabsskat-er-alt-lav\\\/#primaryimage\",\"url\":\"https:\\\/\\\/oxfam.dk\\\/en\\\/wp-content\\\/uploads\\\/sites\\\/2\\\/2025\\\/05\\\/YXNzZXRzL294ZmFtLWRhbm1hcmstZGVmYXVsdC1iaWxsZWRlLmpwZw.webp\",\"contentUrl\":\"https:\\\/\\\/oxfam.dk\\\/en\\\/wp-content\\\/uploads\\\/sites\\\/2\\\/2025\\\/05\\\/YXNzZXRzL294ZmFtLWRhbm1hcmstZGVmYXVsdC1iaWxsZWRlLmpwZw.webp\",\"width\":610,\"height\":407},{\"@type\":\"BreadcrumbList\",\"@id\":\"https:\\\/\\\/oxfam.dk\\\/en\\\/pressreleases\\\/oxfam-ibis-global-bund-paa-selskabsskat-er-alt-lav\\\/#breadcrumb\",\"itemListElement\":[{\"@type\":\"ListItem\",\"position\":1,\"name\":\"Hjem\",\"item\":\"https:\\\/\\\/oxfam.dk\\\/en\\\/\"},{\"@type\":\"ListItem\",\"position\":2,\"name\":\"Pressemeddelelser\",\"item\":\"https:\\\/\\\/oxfam.dk\\\/en\\\/pressreleases\\\/\"},{\"@type\":\"ListItem\",\"position\":3,\"name\":\"Global bund p\u00e5 selskabsskat er alt for lav\"}]},{\"@type\":\"WebSite\",\"@id\":\"https:\\\/\\\/oxfam.dk\\\/en\\\/#website\",\"url\":\"https:\\\/\\\/oxfam.dk\\\/en\\\/\",\"name\":\"Oxfam Denmark\",\"description\":\"We fight inequality and injustice\",\"publisher\":{\"@id\":\"https:\\\/\\\/oxfam.dk\\\/en\\\/#organization\"},\"potentialAction\":[{\"@type\":\"SearchAction\",\"target\":{\"@type\":\"EntryPoint\",\"urlTemplate\":\"https:\\\/\\\/oxfam.dk\\\/en\\\/?s={search_term_string}\"},\"query-input\":{\"@type\":\"PropertyValueSpecification\",\"valueRequired\":true,\"valueName\":\"search_term_string\"}}],\"inLanguage\":\"en-GB\"},{\"@type\":\"Organization\",\"@id\":\"https:\\\/\\\/oxfam.dk\\\/en\\\/#organization\",\"name\":\"Oxfam Denmark\",\"url\":\"https:\\\/\\\/oxfam.dk\\\/en\\\/\",\"logo\":{\"@type\":\"ImageObject\",\"inLanguage\":\"en-GB\",\"@id\":\"https:\\\/\\\/oxfam.dk\\\/en\\\/#\\\/schema\\\/logo\\\/image\\\/\",\"url\":\"https:\\\/\\\/oxfam.dk\\\/en\\\/wp-content\\\/uploads\\\/sites\\\/2\\\/2025\\\/08\\\/logo-en.svg\",\"contentUrl\":\"https:\\\/\\\/oxfam.dk\\\/en\\\/wp-content\\\/uploads\\\/sites\\\/2\\\/2025\\\/08\\\/logo-en.svg\",\"width\":141,\"height\":60,\"caption\":\"Oxfam Denmark\"},\"image\":{\"@id\":\"https:\\\/\\\/oxfam.dk\\\/en\\\/#\\\/schema\\\/logo\\\/image\\\/\"}}]}<\/script>\n<!-- \/ Yoast SEO Premium plugin. -->","yoast_head_json":{"title":"Global bund p\u00e5 selskabsskat er alt for lav | Oxfam Denmark","robots":{"index":"index","follow":"follow","max-snippet":"max-snippet:-1","max-image-preview":"max-image-preview:large","max-video-preview":"max-video-preview:-1"},"canonical":"https:\/\/oxfam.dk\/en\/pressreleases\/oxfam-ibis-global-bund-paa-selskabsskat-er-alt-lav\/","og_locale":"en_GB","og_type":"article","og_title":"Global bund p\u00e5 selskabsskat er alt for lav","og_description":"G7-landene har i dag annonceret, at de vil st\u00f8tte en global bund under selskabsskatten p\u00e5 15%. Oxfam Danmark mener at niveauet burde v\u00e6re meget h\u00f8jere.","og_url":"https:\/\/oxfam.dk\/en\/pressreleases\/oxfam-ibis-global-bund-paa-selskabsskat-er-alt-lav\/","og_site_name":"Oxfam Denmark","article_modified_time":"2025-07-16T10:13:58+00:00","og_image":[{"width":610,"height":407,"url":"https:\/\/oxfam.dk\/en\/wp-content\/uploads\/sites\/2\/2025\/05\/YXNzZXRzL294ZmFtLWRhbm1hcmstZGVmYXVsdC1iaWxsZWRlLmpwZw.webp","type":"image\/webp"}],"twitter_card":"summary_large_image","twitter_misc":{"Estimated reading time":"3 minutes","Written by":"Astrid"},"schema":{"@context":"https:\/\/schema.org","@graph":[{"@type":"WebPage","@id":"https:\/\/oxfam.dk\/en\/pressreleases\/oxfam-ibis-global-bund-paa-selskabsskat-er-alt-lav\/","url":"https:\/\/oxfam.dk\/en\/pressreleases\/oxfam-ibis-global-bund-paa-selskabsskat-er-alt-lav\/","name":"Global bund p\u00e5 selskabsskat er alt for lav | Oxfam Denmark","isPartOf":{"@id":"https:\/\/oxfam.dk\/en\/#website"},"primaryImageOfPage":{"@id":"https:\/\/oxfam.dk\/en\/pressreleases\/oxfam-ibis-global-bund-paa-selskabsskat-er-alt-lav\/#primaryimage"},"image":{"@id":"https:\/\/oxfam.dk\/en\/pressreleases\/oxfam-ibis-global-bund-paa-selskabsskat-er-alt-lav\/#primaryimage"},"thumbnailUrl":"https:\/\/oxfam.dk\/en\/wp-content\/uploads\/sites\/2\/2025\/05\/YXNzZXRzL294ZmFtLWRhbm1hcmstZGVmYXVsdC1iaWxsZWRlLmpwZw.webp","datePublished":"2021-06-05T10:01:00+00:00","dateModified":"2025-07-16T10:13:58+00:00","breadcrumb":{"@id":"https:\/\/oxfam.dk\/en\/pressreleases\/oxfam-ibis-global-bund-paa-selskabsskat-er-alt-lav\/#breadcrumb"},"inLanguage":"en-GB","potentialAction":[{"@type":"ReadAction","target":["https:\/\/oxfam.dk\/en\/pressreleases\/oxfam-ibis-global-bund-paa-selskabsskat-er-alt-lav\/"]}]},{"@type":"ImageObject","inLanguage":"en-GB","@id":"https:\/\/oxfam.dk\/en\/pressreleases\/oxfam-ibis-global-bund-paa-selskabsskat-er-alt-lav\/#primaryimage","url":"https:\/\/oxfam.dk\/en\/wp-content\/uploads\/sites\/2\/2025\/05\/YXNzZXRzL294ZmFtLWRhbm1hcmstZGVmYXVsdC1iaWxsZWRlLmpwZw.webp","contentUrl":"https:\/\/oxfam.dk\/en\/wp-content\/uploads\/sites\/2\/2025\/05\/YXNzZXRzL294ZmFtLWRhbm1hcmstZGVmYXVsdC1iaWxsZWRlLmpwZw.webp","width":610,"height":407},{"@type":"BreadcrumbList","@id":"https:\/\/oxfam.dk\/en\/pressreleases\/oxfam-ibis-global-bund-paa-selskabsskat-er-alt-lav\/#breadcrumb","itemListElement":[{"@type":"ListItem","position":1,"name":"Hjem","item":"https:\/\/oxfam.dk\/en\/"},{"@type":"ListItem","position":2,"name":"Pressemeddelelser","item":"https:\/\/oxfam.dk\/en\/pressreleases\/"},{"@type":"ListItem","position":3,"name":"Global bund p\u00e5 selskabsskat er alt for lav"}]},{"@type":"WebSite","@id":"https:\/\/oxfam.dk\/en\/#website","url":"https:\/\/oxfam.dk\/en\/","name":"Oxfam Denmark","description":"We fight inequality and injustice","publisher":{"@id":"https:\/\/oxfam.dk\/en\/#organization"},"potentialAction":[{"@type":"SearchAction","target":{"@type":"EntryPoint","urlTemplate":"https:\/\/oxfam.dk\/en\/?s={search_term_string}"},"query-input":{"@type":"PropertyValueSpecification","valueRequired":true,"valueName":"search_term_string"}}],"inLanguage":"en-GB"},{"@type":"Organization","@id":"https:\/\/oxfam.dk\/en\/#organization","name":"Oxfam Denmark","url":"https:\/\/oxfam.dk\/en\/","logo":{"@type":"ImageObject","inLanguage":"en-GB","@id":"https:\/\/oxfam.dk\/en\/#\/schema\/logo\/image\/","url":"https:\/\/oxfam.dk\/en\/wp-content\/uploads\/sites\/2\/2025\/08\/logo-en.svg","contentUrl":"https:\/\/oxfam.dk\/en\/wp-content\/uploads\/sites\/2\/2025\/08\/logo-en.svg","width":141,"height":60,"caption":"Oxfam Denmark"},"image":{"@id":"https:\/\/oxfam.dk\/en\/#\/schema\/logo\/image\/"}}]}},"_links":{"self":[{"href":"https:\/\/oxfam.dk\/en\/wp-json\/wp\/v2\/pressemeddelelser\/2868","targetHints":{"allow":["GET"]}}],"collection":[{"href":"https:\/\/oxfam.dk\/en\/wp-json\/wp\/v2\/pressemeddelelser"}],"about":[{"href":"https:\/\/oxfam.dk\/en\/wp-json\/wp\/v2\/types\/pressemeddelelser"}],"wp:featuredmedia":[{"embeddable":true,"href":"https:\/\/oxfam.dk\/en\/wp-json\/wp\/v2\/media\/853"}],"wp:attachment":[{"href":"https:\/\/oxfam.dk\/en\/wp-json\/wp\/v2\/media?parent=2868"}],"wp:term":[{"taxonomy":"category","embeddable":true,"href":"https:\/\/oxfam.dk\/en\/wp-json\/wp\/v2\/categories?post=2868"},{"taxonomy":"post_tag","embeddable":true,"href":"https:\/\/oxfam.dk\/en\/wp-json\/wp\/v2\/tags?post=2868"}],"curies":[{"name":"wp","href":"https:\/\/api.w.org\/{rel}","templated":true}]}}